
{"id":16783,"date":"2020-09-11T15:08:04","date_gmt":"2020-09-11T15:08:04","guid":{"rendered":"https:\/\/brist-olive.hr\/unkategorisiert\/tina-erman-popovic-gewinnt-internationalen-preis-fuer-neues-brist-design\/"},"modified":"2023-05-02T18:01:32","modified_gmt":"2023-05-02T18:01:32","slug":"tina-erman-popovic-gewinnt-internationalen-preis-fuer-neues-brist-design","status":"publish","type":"post","link":"https:\/\/brist-olive.hr\/de\/nachrichten\/tina-erman-popovic-gewinnt-internationalen-preis-fuer-neues-brist-design\/","title":{"rendered":"Tina Erman Popovi\u0107 gewinnt internationalen Preis f\u00fcr neues Brist-Design."},"content":{"rendered":"\t\t<div data-elementor-type=\"wp-post\" data-elementor-id=\"16783\" class=\"elementor elementor-16783 elementor-3087\" data-elementor-post-type=\"post\">\n\t\t\t\t\t\t<section class=\"elementor-section elementor-top-section elementor-element elementor-element-61aa7b1f elementor-section-boxed elementor-section-height-default elementor-section-height-default\" data-id=\"61aa7b1f\" data-element_type=\"section\" data-e-type=\"section\">\n\t\t\t\t\t\t<div class=\"elementor-container elementor-column-gap-default\">\n\t\t\t\t\t<div class=\"elementor-column elementor-col-100 elementor-top-column elementor-element elementor-element-2eb313a8\" data-id=\"2eb313a8\" data-element_type=\"column\" data-e-type=\"column\">\n\t\t\t<div class=\"elementor-widget-wrap elementor-element-populated\">\n\t\t\t\t\t\t<div class=\"elementor-element elementor-element-7b69783 elementor-widget elementor-widget-text-editor\" data-id=\"7b69783\" data-element_type=\"widget\" data-e-type=\"widget\" data-widget_type=\"text-editor.default\">\n\t\t\t\t<div class=\"elementor-widget-container\">\n\t\t\t\t\t\t\t\t\t<p>Herzlichen Gl\u00fcckwunsch an Tina f\u00fcr ihre harte Arbeit an unserem neuen Design. Wir sch\u00e4tzen Ihre Arbeit und die gro\u00dfe M\u00fche, die Sie sich gemacht haben, um unsere Produktpalette und vor allem das Familienunternehmen Brist wirklich zu verstehen.<\/p>\n<p>Gute Arbeit des gesamten Teams!<\/p>\t\t\t\t\t\t\t\t<\/div>\n\t\t\t\t<\/div>\n\t\t\t\t<div class=\"elementor-element elementor-element-15cc4e55 elementor-widget elementor-widget-text-editor\" data-id=\"15cc4e55\" data-element_type=\"widget\" data-e-type=\"widget\" data-widget_type=\"text-editor.default\">\n\t\t\t\t<div class=\"elementor-widget-container\">\n\t\t\t\t\t\t\t\t\t\n<ul class=\"wp-block-gallery columns-1 is-cropped\">\n<li class=\"blocks-gallery-item\">\n<figure><a href=\"https:\/\/brist-olive.hr\/wp-content\/uploads\/2019\/09\/Tina-Award-1500.jpg\"><img fetchpriority=\"high\" decoding=\"async\" class=\"alignnone wp-image-3088\" src=\"https:\/\/brist-olive.hr\/wp-content\/uploads\/2019\/09\/Tina-Award-1500-1024x787.jpg\" alt=\"\" width=\"1200\" height=\"923\" data-id=\"3088\" data-link=\"https:\/\/brist-olive.hr\/?attachment_id=3088\" srcset=\"https:\/\/brist-olive.hr\/wp-content\/uploads\/2019\/09\/Tina-Award-1500-1024x787.jpg 1024w, https:\/\/brist-olive.hr\/wp-content\/uploads\/2019\/09\/Tina-Award-1500-300x231.jpg 300w, https:\/\/brist-olive.hr\/wp-content\/uploads\/2019\/09\/Tina-Award-1500-768x590.jpg 768w, https:\/\/brist-olive.hr\/wp-content\/uploads\/2019\/09\/Tina-Award-1500-1536x1181.jpg 1536w, https:\/\/brist-olive.hr\/wp-content\/uploads\/2019\/09\/Tina-Award-1500-990x761.jpg 990w, https:\/\/brist-olive.hr\/wp-content\/uploads\/2019\/09\/Tina-Award-1500-441x339.jpg 441w, https:\/\/brist-olive.hr\/wp-content\/uploads\/2019\/09\/Tina-Award-1500-600x461.jpg 600w, https:\/\/brist-olive.hr\/wp-content\/uploads\/2019\/09\/Tina-Award-1500-150x115.jpg 150w, https:\/\/brist-olive.hr\/wp-content\/uploads\/2019\/09\/Tina-Award-1500.jpg 1613w\" sizes=\"(max-width: 1200px) 100vw, 1200px\" \/><\/a><\/figure>\n<\/li>\n<\/ul>\n\t\t\t\t\t\t\t\t<\/div>\n\t\t\t\t<\/div>\n\t\t\t\t\t<\/div>\n\t\t<\/div>\n\t\t\t\t\t<\/div>\n\t\t<\/section>\n\t\t\t\t<\/div>\n\t\t","protected":false},"excerpt":{"rendered":"<p>Herzlichen Gl\u00fcckwunsch an Tina f\u00fcr ihre harte Arbeit an unserem neuen Design. Wir sch\u00e4tzen Ihre Arbeit und die gro\u00dfe M\u00fche, die Sie sich gemacht haben, um unsere Produktpalette und vor allem das Familienunternehmen Brist wirklich zu verstehen. Gute Arbeit des gesamten Teams!<\/p>\n","protected":false},"author":1,"featured_media":13909,"comment_status":"closed","ping_status":"closed","sticky":false,"template":"","format":"gallery","meta":{"footnotes":""},"categories":[144],"tags":[],"class_list":["post-16783","post","type-post","status-publish","format-gallery","has-post-thumbnail","hentry","category-nachrichten","post_format-post-format-gallery"],"yoast_head":"<!-- This site is optimized with the Yoast SEO Premium plugin v27.2 (Yoast SEO v27.3) - https:\/\/yoast.com\/product\/yoast-seo-premium-wordpress\/ -->\n<title>Tina Erman Popovi\u0107 gewinnt internationalen Preis f\u00fcr neues Brist-Design. | Brist Olive Oil<\/title>\n<meta name=\"robots\" content=\"index, follow, max-snippet:-1, max-image-preview:large, max-video-preview:-1\" \/>\n<link rel=\"canonical\" href=\"https:\/\/brist-olive.hr\/de\/nachrichten\/tina-erman-popovic-gewinnt-internationalen-preis-fuer-neues-brist-design\/\" \/>\n<meta property=\"og:locale\" content=\"de_DE\" \/>\n<meta property=\"og:type\" content=\"article\" \/>\n<meta property=\"og:title\" content=\"Tina Erman Popovi\u0107 gewinnt internationalen Preis f\u00fcr neues Brist-Design.\" \/>\n<meta property=\"og:description\" content=\"Herzlichen Gl\u00fcckwunsch an Tina f\u00fcr ihre harte Arbeit an unserem neuen Design. Wir sch\u00e4tzen Ihre Arbeit und die gro\u00dfe M\u00fche, die Sie sich gemacht haben, um unsere Produktpalette und vor allem das Familienunternehmen Brist wirklich zu verstehen. Gute Arbeit des gesamten Teams!\" \/>\n<meta property=\"og:url\" content=\"https:\/\/brist-olive.hr\/de\/nachrichten\/tina-erman-popovic-gewinnt-internationalen-preis-fuer-neues-brist-design\/\" \/>\n<meta property=\"og:site_name\" content=\"Brist Olive Oil\" \/>\n<meta property=\"article:publisher\" content=\"https:\/\/www.facebook.com\/BRIST-Olive-extra-virgin-olive-oil-194775207214904\" \/>\n<meta property=\"article:published_time\" content=\"2020-09-11T15:08:04+00:00\" \/>\n<meta property=\"article:modified_time\" content=\"2023-05-02T18:01:32+00:00\" \/>\n<meta property=\"og:image\" content=\"https:\/\/brist-olive.hr\/wp-content\/uploads\/2019\/09\/Tina-Award-Thumb.jpg\" \/>\n\t<meta property=\"og:image:width\" content=\"1865\" \/>\n\t<meta property=\"og:image:height\" content=\"1054\" \/>\n\t<meta property=\"og:image:type\" content=\"image\/jpeg\" \/>\n<meta name=\"author\" content=\"Gabrijel Lukic\" \/>\n<meta name=\"twitter:card\" content=\"summary_large_image\" \/>\n<meta name=\"twitter:label1\" content=\"Verfasst von\" \/>\n\t<meta name=\"twitter:data1\" content=\"Gabrijel Lukic\" \/>\n<script type=\"application\/ld+json\" class=\"yoast-schema-graph\">{\"@context\":\"https:\\\/\\\/schema.org\",\"@graph\":[{\"@type\":\"Article\",\"@id\":\"https:\\\/\\\/brist-olive.hr\\\/de\\\/nachrichten\\\/tina-erman-popovic-gewinnt-internationalen-preis-fuer-neues-brist-design\\\/#article\",\"isPartOf\":{\"@id\":\"https:\\\/\\\/brist-olive.hr\\\/de\\\/nachrichten\\\/tina-erman-popovic-gewinnt-internationalen-preis-fuer-neues-brist-design\\\/\"},\"author\":{\"name\":\"Gabrijel Lukic\",\"@id\":\"https:\\\/\\\/brist-olive.hr\\\/de\\\/#\\\/schema\\\/person\\\/99f0f98b5ca3c60e5a6f2dd16c9fd814\"},\"headline\":\"Tina Erman Popovi\u0107 gewinnt internationalen Preis f\u00fcr neues Brist-Design.\",\"datePublished\":\"2020-09-11T15:08:04+00:00\",\"dateModified\":\"2023-05-02T18:01:32+00:00\",\"mainEntityOfPage\":{\"@id\":\"https:\\\/\\\/brist-olive.hr\\\/de\\\/nachrichten\\\/tina-erman-popovic-gewinnt-internationalen-preis-fuer-neues-brist-design\\\/\"},\"wordCount\":57,\"publisher\":{\"@id\":\"https:\\\/\\\/brist-olive.hr\\\/de\\\/#organization\"},\"image\":{\"@id\":\"https:\\\/\\\/brist-olive.hr\\\/de\\\/nachrichten\\\/tina-erman-popovic-gewinnt-internationalen-preis-fuer-neues-brist-design\\\/#primaryimage\"},\"thumbnailUrl\":\"https:\\\/\\\/brist-olive.hr\\\/wp-content\\\/uploads\\\/2019\\\/09\\\/Tina-Award-Thumb.jpg\",\"articleSection\":[\"Nachrichten\"],\"inLanguage\":\"de\"},{\"@type\":\"WebPage\",\"@id\":\"https:\\\/\\\/brist-olive.hr\\\/de\\\/nachrichten\\\/tina-erman-popovic-gewinnt-internationalen-preis-fuer-neues-brist-design\\\/\",\"url\":\"https:\\\/\\\/brist-olive.hr\\\/de\\\/nachrichten\\\/tina-erman-popovic-gewinnt-internationalen-preis-fuer-neues-brist-design\\\/\",\"name\":\"Tina Erman Popovi\u0107 gewinnt internationalen Preis f\u00fcr neues Brist-Design. | Brist Olive Oil\",\"isPartOf\":{\"@id\":\"https:\\\/\\\/brist-olive.hr\\\/de\\\/#website\"},\"primaryImageOfPage\":{\"@id\":\"https:\\\/\\\/brist-olive.hr\\\/de\\\/nachrichten\\\/tina-erman-popovic-gewinnt-internationalen-preis-fuer-neues-brist-design\\\/#primaryimage\"},\"image\":{\"@id\":\"https:\\\/\\\/brist-olive.hr\\\/de\\\/nachrichten\\\/tina-erman-popovic-gewinnt-internationalen-preis-fuer-neues-brist-design\\\/#primaryimage\"},\"thumbnailUrl\":\"https:\\\/\\\/brist-olive.hr\\\/wp-content\\\/uploads\\\/2019\\\/09\\\/Tina-Award-Thumb.jpg\",\"datePublished\":\"2020-09-11T15:08:04+00:00\",\"dateModified\":\"2023-05-02T18:01:32+00:00\",\"breadcrumb\":{\"@id\":\"https:\\\/\\\/brist-olive.hr\\\/de\\\/nachrichten\\\/tina-erman-popovic-gewinnt-internationalen-preis-fuer-neues-brist-design\\\/#breadcrumb\"},\"inLanguage\":\"de\",\"potentialAction\":[{\"@type\":\"ReadAction\",\"target\":[\"https:\\\/\\\/brist-olive.hr\\\/de\\\/nachrichten\\\/tina-erman-popovic-gewinnt-internationalen-preis-fuer-neues-brist-design\\\/\"]}]},{\"@type\":\"ImageObject\",\"inLanguage\":\"de\",\"@id\":\"https:\\\/\\\/brist-olive.hr\\\/de\\\/nachrichten\\\/tina-erman-popovic-gewinnt-internationalen-preis-fuer-neues-brist-design\\\/#primaryimage\",\"url\":\"https:\\\/\\\/brist-olive.hr\\\/wp-content\\\/uploads\\\/2019\\\/09\\\/Tina-Award-Thumb.jpg\",\"contentUrl\":\"https:\\\/\\\/brist-olive.hr\\\/wp-content\\\/uploads\\\/2019\\\/09\\\/Tina-Award-Thumb.jpg\",\"width\":1865,\"height\":1054},{\"@type\":\"BreadcrumbList\",\"@id\":\"https:\\\/\\\/brist-olive.hr\\\/de\\\/nachrichten\\\/tina-erman-popovic-gewinnt-internationalen-preis-fuer-neues-brist-design\\\/#breadcrumb\",\"itemListElement\":[{\"@type\":\"ListItem\",\"position\":1,\"name\":\"Home\",\"item\":\"https:\\\/\\\/brist-olive.hr\\\/de\\\/\"},{\"@type\":\"ListItem\",\"position\":2,\"name\":\"Tina Erman Popovi\u0107 gewinnt internationalen Preis f\u00fcr neues Brist-Design.\"}]},{\"@type\":\"WebSite\",\"@id\":\"https:\\\/\\\/brist-olive.hr\\\/de\\\/#website\",\"url\":\"https:\\\/\\\/brist-olive.hr\\\/de\\\/\",\"name\":\"Brist Olive Oil\",\"description\":\"Brist Olive Oil\",\"publisher\":{\"@id\":\"https:\\\/\\\/brist-olive.hr\\\/de\\\/#organization\"},\"potentialAction\":[{\"@type\":\"SearchAction\",\"target\":{\"@type\":\"EntryPoint\",\"urlTemplate\":\"https:\\\/\\\/brist-olive.hr\\\/de\\\/?s={search_term_string}\"},\"query-input\":{\"@type\":\"PropertyValueSpecification\",\"valueRequired\":true,\"valueName\":\"search_term_string\"}}],\"inLanguage\":\"de\"},{\"@type\":\"Organization\",\"@id\":\"https:\\\/\\\/brist-olive.hr\\\/de\\\/#organization\",\"name\":\"Brist Olive\",\"url\":\"https:\\\/\\\/brist-olive.hr\\\/de\\\/\",\"logo\":{\"@type\":\"ImageObject\",\"inLanguage\":\"de\",\"@id\":\"https:\\\/\\\/brist-olive.hr\\\/de\\\/#\\\/schema\\\/logo\\\/image\\\/\",\"url\":\"https:\\\/\\\/brist-olive.hr\\\/wp-content\\\/uploads\\\/2022\\\/03\\\/brist_logo.png\",\"contentUrl\":\"https:\\\/\\\/brist-olive.hr\\\/wp-content\\\/uploads\\\/2022\\\/03\\\/brist_logo.png\",\"width\":344,\"height\":214,\"caption\":\"Brist Olive\"},\"image\":{\"@id\":\"https:\\\/\\\/brist-olive.hr\\\/de\\\/#\\\/schema\\\/logo\\\/image\\\/\"},\"sameAs\":[\"https:\\\/\\\/www.facebook.com\\\/BRIST-Olive-extra-virgin-olive-oil-194775207214904\",\"https:\\\/\\\/www.instagram.com\\\/brist.olive\\\/\"]},{\"@type\":\"Person\",\"@id\":\"https:\\\/\\\/brist-olive.hr\\\/de\\\/#\\\/schema\\\/person\\\/99f0f98b5ca3c60e5a6f2dd16c9fd814\",\"name\":\"Gabrijel Lukic\",\"image\":{\"@type\":\"ImageObject\",\"inLanguage\":\"de\",\"@id\":\"https:\\\/\\\/secure.gravatar.com\\\/avatar\\\/0d56e26cb3fb1878fafa2a8cdfecf05ceb3c2fa2fabe93a7d080942915f4e6fe?s=96&d=mm&r=g\",\"url\":\"https:\\\/\\\/secure.gravatar.com\\\/avatar\\\/0d56e26cb3fb1878fafa2a8cdfecf05ceb3c2fa2fabe93a7d080942915f4e6fe?s=96&d=mm&r=g\",\"contentUrl\":\"https:\\\/\\\/secure.gravatar.com\\\/avatar\\\/0d56e26cb3fb1878fafa2a8cdfecf05ceb3c2fa2fabe93a7d080942915f4e6fe?s=96&d=mm&r=g\",\"caption\":\"Gabrijel Lukic\"},\"sameAs\":[\"https:\\\/\\\/brist-olive.hr\"]}]}<\/script>\n<!-- \/ Yoast SEO Premium plugin. -->","yoast_head_json":{"title":"Tina Erman Popovi\u0107 gewinnt internationalen Preis f\u00fcr neues Brist-Design. | Brist Olive Oil","robots":{"index":"index","follow":"follow","max-snippet":"max-snippet:-1","max-image-preview":"max-image-preview:large","max-video-preview":"max-video-preview:-1"},"canonical":"https:\/\/brist-olive.hr\/de\/nachrichten\/tina-erman-popovic-gewinnt-internationalen-preis-fuer-neues-brist-design\/","og_locale":"de_DE","og_type":"article","og_title":"Tina Erman Popovi\u0107 gewinnt internationalen Preis f\u00fcr neues Brist-Design.","og_description":"Herzlichen Gl\u00fcckwunsch an Tina f\u00fcr ihre harte Arbeit an unserem neuen Design. Wir sch\u00e4tzen Ihre Arbeit und die gro\u00dfe M\u00fche, die Sie sich gemacht haben, um unsere Produktpalette und vor allem das Familienunternehmen Brist wirklich zu verstehen. Gute Arbeit des gesamten Teams!","og_url":"https:\/\/brist-olive.hr\/de\/nachrichten\/tina-erman-popovic-gewinnt-internationalen-preis-fuer-neues-brist-design\/","og_site_name":"Brist Olive Oil","article_publisher":"https:\/\/www.facebook.com\/BRIST-Olive-extra-virgin-olive-oil-194775207214904","article_published_time":"2020-09-11T15:08:04+00:00","article_modified_time":"2023-05-02T18:01:32+00:00","og_image":[{"width":1865,"height":1054,"url":"https:\/\/brist-olive.hr\/wp-content\/uploads\/2019\/09\/Tina-Award-Thumb.jpg","type":"image\/jpeg"}],"author":"Gabrijel Lukic","twitter_card":"summary_large_image","twitter_misc":{"Verfasst von":"Gabrijel Lukic"},"schema":{"@context":"https:\/\/schema.org","@graph":[{"@type":"Article","@id":"https:\/\/brist-olive.hr\/de\/nachrichten\/tina-erman-popovic-gewinnt-internationalen-preis-fuer-neues-brist-design\/#article","isPartOf":{"@id":"https:\/\/brist-olive.hr\/de\/nachrichten\/tina-erman-popovic-gewinnt-internationalen-preis-fuer-neues-brist-design\/"},"author":{"name":"Gabrijel Lukic","@id":"https:\/\/brist-olive.hr\/de\/#\/schema\/person\/99f0f98b5ca3c60e5a6f2dd16c9fd814"},"headline":"Tina Erman Popovi\u0107 gewinnt internationalen Preis f\u00fcr neues Brist-Design.","datePublished":"2020-09-11T15:08:04+00:00","dateModified":"2023-05-02T18:01:32+00:00","mainEntityOfPage":{"@id":"https:\/\/brist-olive.hr\/de\/nachrichten\/tina-erman-popovic-gewinnt-internationalen-preis-fuer-neues-brist-design\/"},"wordCount":57,"publisher":{"@id":"https:\/\/brist-olive.hr\/de\/#organization"},"image":{"@id":"https:\/\/brist-olive.hr\/de\/nachrichten\/tina-erman-popovic-gewinnt-internationalen-preis-fuer-neues-brist-design\/#primaryimage"},"thumbnailUrl":"https:\/\/brist-olive.hr\/wp-content\/uploads\/2019\/09\/Tina-Award-Thumb.jpg","articleSection":["Nachrichten"],"inLanguage":"de"},{"@type":"WebPage","@id":"https:\/\/brist-olive.hr\/de\/nachrichten\/tina-erman-popovic-gewinnt-internationalen-preis-fuer-neues-brist-design\/","url":"https:\/\/brist-olive.hr\/de\/nachrichten\/tina-erman-popovic-gewinnt-internationalen-preis-fuer-neues-brist-design\/","name":"Tina Erman Popovi\u0107 gewinnt internationalen Preis f\u00fcr neues Brist-Design. | Brist Olive Oil","isPartOf":{"@id":"https:\/\/brist-olive.hr\/de\/#website"},"primaryImageOfPage":{"@id":"https:\/\/brist-olive.hr\/de\/nachrichten\/tina-erman-popovic-gewinnt-internationalen-preis-fuer-neues-brist-design\/#primaryimage"},"image":{"@id":"https:\/\/brist-olive.hr\/de\/nachrichten\/tina-erman-popovic-gewinnt-internationalen-preis-fuer-neues-brist-design\/#primaryimage"},"thumbnailUrl":"https:\/\/brist-olive.hr\/wp-content\/uploads\/2019\/09\/Tina-Award-Thumb.jpg","datePublished":"2020-09-11T15:08:04+00:00","dateModified":"2023-05-02T18:01:32+00:00","breadcrumb":{"@id":"https:\/\/brist-olive.hr\/de\/nachrichten\/tina-erman-popovic-gewinnt-internationalen-preis-fuer-neues-brist-design\/#breadcrumb"},"inLanguage":"de","potentialAction":[{"@type":"ReadAction","target":["https:\/\/brist-olive.hr\/de\/nachrichten\/tina-erman-popovic-gewinnt-internationalen-preis-fuer-neues-brist-design\/"]}]},{"@type":"ImageObject","inLanguage":"de","@id":"https:\/\/brist-olive.hr\/de\/nachrichten\/tina-erman-popovic-gewinnt-internationalen-preis-fuer-neues-brist-design\/#primaryimage","url":"https:\/\/brist-olive.hr\/wp-content\/uploads\/2019\/09\/Tina-Award-Thumb.jpg","contentUrl":"https:\/\/brist-olive.hr\/wp-content\/uploads\/2019\/09\/Tina-Award-Thumb.jpg","width":1865,"height":1054},{"@type":"BreadcrumbList","@id":"https:\/\/brist-olive.hr\/de\/nachrichten\/tina-erman-popovic-gewinnt-internationalen-preis-fuer-neues-brist-design\/#breadcrumb","itemListElement":[{"@type":"ListItem","position":1,"name":"Home","item":"https:\/\/brist-olive.hr\/de\/"},{"@type":"ListItem","position":2,"name":"Tina Erman Popovi\u0107 gewinnt internationalen Preis f\u00fcr neues Brist-Design."}]},{"@type":"WebSite","@id":"https:\/\/brist-olive.hr\/de\/#website","url":"https:\/\/brist-olive.hr\/de\/","name":"Brist Olive Oil","description":"Brist Olive Oil","publisher":{"@id":"https:\/\/brist-olive.hr\/de\/#organization"},"potentialAction":[{"@type":"SearchAction","target":{"@type":"EntryPoint","urlTemplate":"https:\/\/brist-olive.hr\/de\/?s={search_term_string}"},"query-input":{"@type":"PropertyValueSpecification","valueRequired":true,"valueName":"search_term_string"}}],"inLanguage":"de"},{"@type":"Organization","@id":"https:\/\/brist-olive.hr\/de\/#organization","name":"Brist Olive","url":"https:\/\/brist-olive.hr\/de\/","logo":{"@type":"ImageObject","inLanguage":"de","@id":"https:\/\/brist-olive.hr\/de\/#\/schema\/logo\/image\/","url":"https:\/\/brist-olive.hr\/wp-content\/uploads\/2022\/03\/brist_logo.png","contentUrl":"https:\/\/brist-olive.hr\/wp-content\/uploads\/2022\/03\/brist_logo.png","width":344,"height":214,"caption":"Brist Olive"},"image":{"@id":"https:\/\/brist-olive.hr\/de\/#\/schema\/logo\/image\/"},"sameAs":["https:\/\/www.facebook.com\/BRIST-Olive-extra-virgin-olive-oil-194775207214904","https:\/\/www.instagram.com\/brist.olive\/"]},{"@type":"Person","@id":"https:\/\/brist-olive.hr\/de\/#\/schema\/person\/99f0f98b5ca3c60e5a6f2dd16c9fd814","name":"Gabrijel Lukic","image":{"@type":"ImageObject","inLanguage":"de","@id":"https:\/\/secure.gravatar.com\/avatar\/0d56e26cb3fb1878fafa2a8cdfecf05ceb3c2fa2fabe93a7d080942915f4e6fe?s=96&d=mm&r=g","url":"https:\/\/secure.gravatar.com\/avatar\/0d56e26cb3fb1878fafa2a8cdfecf05ceb3c2fa2fabe93a7d080942915f4e6fe?s=96&d=mm&r=g","contentUrl":"https:\/\/secure.gravatar.com\/avatar\/0d56e26cb3fb1878fafa2a8cdfecf05ceb3c2fa2fabe93a7d080942915f4e6fe?s=96&d=mm&r=g","caption":"Gabrijel Lukic"},"sameAs":["https:\/\/brist-olive.hr"]}]}},"acf":[],"_links":{"self":[{"href":"https:\/\/brist-olive.hr\/de\/wp-json\/wp\/v2\/posts\/16783","targetHints":{"allow":["GET"]}}],"collection":[{"href":"https:\/\/brist-olive.hr\/de\/wp-json\/wp\/v2\/posts"}],"about":[{"href":"https:\/\/brist-olive.hr\/de\/wp-json\/wp\/v2\/types\/post"}],"author":[{"embeddable":true,"href":"https:\/\/brist-olive.hr\/de\/wp-json\/wp\/v2\/users\/1"}],"replies":[{"embeddable":true,"href":"https:\/\/brist-olive.hr\/de\/wp-json\/wp\/v2\/comments?post=16783"}],"version-history":[{"count":3,"href":"https:\/\/brist-olive.hr\/de\/wp-json\/wp\/v2\/posts\/16783\/revisions"}],"predecessor-version":[{"id":16786,"href":"https:\/\/brist-olive.hr\/de\/wp-json\/wp\/v2\/posts\/16783\/revisions\/16786"}],"wp:featuredmedia":[{"embeddable":true,"href":"https:\/\/brist-olive.hr\/de\/wp-json\/wp\/v2\/media\/13909"}],"wp:attachment":[{"href":"https:\/\/brist-olive.hr\/de\/wp-json\/wp\/v2\/media?parent=16783"}],"wp:term":[{"taxonomy":"category","embeddable":true,"href":"https:\/\/brist-olive.hr\/de\/wp-json\/wp\/v2\/categories?post=16783"},{"taxonomy":"post_tag","embeddable":true,"href":"https:\/\/brist-olive.hr\/de\/wp-json\/wp\/v2\/tags?post=16783"}],"curies":[{"name":"wp","href":"https:\/\/api.w.org\/{rel}","templated":true}]}}